{"id":8143,"date":"2019-03-20T11:32:23","date_gmt":"2019-03-20T11:32:23","guid":{"rendered":"https:\/\/www.covetfoundation.com\/events\/?p=8143"},"modified":"2020-01-19T19:46:52","modified_gmt":"2020-01-19T19:46:52","slug":"art-basel-hong-kong-2019-collectible-designs-gallery-sies-hoke","status":"publish","type":"post","link":"https:\/\/www.covetfoundation.com\/events\/art-basel-hong-kong-2019-collectible-designs-gallery-sies-hoke\/","title":{"rendered":"Art Basel Hong Kong 2019: Collectible Designs in Gallery Sies + H\u00f6ke"},"content":{"rendered":"\n<p><em><strong><a href=\"https:\/\/www.sieshoeke.com\/\" target=\"_blank\" rel=\"noopener noreferrer\">Gallery Sies+H\u00f6ke<\/a><\/strong><\/em>\u00a0is one of the best <strong>contemporary art galleries<\/strong> to explore at this year\u2019s edition of Art Basel Hong Kong (Galleries, Level 1, 1D40). The gallery shows the work of established and emerging artists from Europe, the USA and Latin America.<\/p>\n<div id=\"attachment_8201\" style=\"width: 1849px\" class=\"wp-caption alignnone\">\n<img loading=\"lazy\" decoding=\"async\" aria-describedby=\"caption-attachment-8201\" class=\"wp-image-8201 size-full\" src=\"https:\/\/www.covetfoundation.com\/events\/wp-content\/uploads\/2019\/03\/LoH_Working_-featureimage.jpg\" alt=\"Art Basel Hong Kong 2019: Collectible Designs in Gallery Sies + H\u00f6ke gallery sies + h\u00f6ke Art Basel Hong Kong 2019: Collectible Designs in Gallery Sies + H\u00f6ke LoH Working  featureimage\" width=\"1839\" height=\"2246\" srcset=\"https:\/\/www.covetfoundation.com\/events\/wp-content\/uploads\/2019\/03\/LoH_Working_-featureimage.jpg 1839w, https:\/\/www.covetfoundation.com\/events\/wp-content\/uploads\/2019\/03\/LoH_Working_-featureimage-246x300.jpg 246w, https:\/\/www.covetfoundation.com\/events\/wp-content\/uploads\/2019\/03\/LoH_Working_-featureimage-768x938.jpg 768w, https:\/\/www.covetfoundation.com\/events\/wp-content\/uploads\/2019\/03\/LoH_Working_-featureimage-838x1024.jpg 838w\" sizes=\"auto, (max-width: 1839px) 100vw, 1839px\" title=\"LoH_Working_-featureimage LoH_Working_-featureimage\"><p id=\"caption-attachment-8201\" class=\"wp-caption-text\">Lothar Hempel, In Gedanken, 2018, Painting<\/p>\n<\/div>\n<p>The <em><strong>Gallery Sies + H\u00f6ke<\/strong><\/em> proposes <strong>contemporary artworks<\/strong> from artists wich\u00a0has the long-term representation of an international artist\u2019s group . Artsworks from Frederico Herrero and Marcel Dzama,\u00a0artists who had their debut exhibitions at the gallery in the early 2000s, will be displayed.<\/p>\n<p>The most recent artwork\u00a0 from Marcel Dzama will be shown in this contemporary art fair and we can apreciate his works on paper using materials as ink, watercolor, gouache and graphite on paper.<\/p>\n<div id=\"attachment_8151\" style=\"width: 1849px\" class=\"wp-caption alignnone\">\n<img loading=\"lazy\" decoding=\"async\" aria-describedby=\"caption-attachment-8151\" class=\"wp-image-8151 size-full\" src=\"https:\/\/www.covetfoundation.com\/events\/wp-content\/uploads\/2019\/03\/Marcel-Dazma_-Ill-Sleep-on-the-Earth-and-Ill-Fly-Once-Wake2018-Art-Basel-hong-kong.jpg\" alt=\"Art Basel Hong Kong 2019: Collectible Designs in Gallery Sies + H\u00f6ke gallery sies + h\u00f6ke Art Basel Hong Kong 2019: Collectible Designs in Gallery Sies + H\u00f6ke Marcel Dazma  Ill Sleep on the Earth and Ill Fly Once Wake2018 Art Basel hong kong\" width=\"1839\" height=\"3485\" srcset=\"https:\/\/www.covetfoundation.com\/events\/wp-content\/uploads\/2019\/03\/Marcel-Dazma_-Ill-Sleep-on-the-Earth-and-Ill-Fly-Once-Wake2018-Art-Basel-hong-kong.jpg 1839w, https:\/\/www.covetfoundation.com\/events\/wp-content\/uploads\/2019\/03\/Marcel-Dazma_-Ill-Sleep-on-the-Earth-and-Ill-Fly-Once-Wake2018-Art-Basel-hong-kong-158x300.jpg 158w, https:\/\/www.covetfoundation.com\/events\/wp-content\/uploads\/2019\/03\/Marcel-Dazma_-Ill-Sleep-on-the-Earth-and-Ill-Fly-Once-Wake2018-Art-Basel-hong-kong-768x1455.jpg 768w, https:\/\/www.covetfoundation.com\/events\/wp-content\/uploads\/2019\/03\/Marcel-Dazma_-Ill-Sleep-on-the-Earth-and-Ill-Fly-Once-Wake2018-Art-Basel-hong-kong-540x1024.jpg 540w\" sizes=\"auto, (max-width: 1839px) 100vw, 1839px\" title=\"Marcel-Dazma_-Ill-Sleep-on-the-Earth-and-Ill-Fly-Once-Wake2018-Art-Basel-hong-kong Marcel-Dazma_-Ill-Sleep-on-the-Earth-and-Ill-Fly-Once-Wake2018-Art-Basel-hong-kong\"><p id=\"caption-attachment-8151\" class=\"wp-caption-text\">Marcel Dzama \u2018I\u2019ll Sleep on the Earth and I\u2019ll Fly Once Wake\u2019,Work on paper, 2018, Art Basel Hong Kong 2019<\/p>\n<\/div>\n<div id=\"attachment_8154\" style=\"width: 1603px\" class=\"wp-caption alignnone\">\n<img loading=\"lazy\" decoding=\"async\" aria-describedby=\"caption-attachment-8154\" class=\"wp-image-8154 size-full\" src=\"https:\/\/www.covetfoundation.com\/events\/wp-content\/uploads\/2019\/03\/Marecel-Dazma-Watercolour-ink-spray-paint-graphite-and-collage-on-paper.jpg\" alt=\"gallery sies + h\u00f6ke Art Basel Hong Kong 2019: Collectible Designs in Gallery Sies + H\u00f6ke Marecel Dazma Watercolour ink spray paint graphite and collage on paper\" width=\"1593\" height=\"2778\" srcset=\"https:\/\/www.covetfoundation.com\/events\/wp-content\/uploads\/2019\/03\/Marecel-Dazma-Watercolour-ink-spray-paint-graphite-and-collage-on-paper.jpg 1593w, https:\/\/www.covetfoundation.com\/events\/wp-content\/uploads\/2019\/03\/Marecel-Dazma-Watercolour-ink-spray-paint-graphite-and-collage-on-paper-172x300.jpg 172w, https:\/\/www.covetfoundation.com\/events\/wp-content\/uploads\/2019\/03\/Marecel-Dazma-Watercolour-ink-spray-paint-graphite-and-collage-on-paper-768x1339.jpg 768w, https:\/\/www.covetfoundation.com\/events\/wp-content\/uploads\/2019\/03\/Marecel-Dazma-Watercolour-ink-spray-paint-graphite-and-collage-on-paper-587x1024.jpg 587w\" sizes=\"auto, (max-width: 1593px) 100vw, 1593px\" title=\"Marecel-Dazma-Watercolour-ink-spray-paint-graphite-and-collage-on-paper Marecel-Dazma-Watercolour-ink-spray-paint-graphite-and-collage-on-paper\"><p id=\"caption-attachment-8154\" class=\"wp-caption-text\">Marcel Dzama, Nowhere To Go But Up or To Rise and To Fall, Work on Paper, 2018<\/p>\n<\/div>\n<div id=\"attachment_8157\" style=\"width: 2279px\" class=\"wp-caption alignnone\">\n<img loading=\"lazy\" decoding=\"async\" aria-describedby=\"caption-attachment-8157\" class=\"wp-image-8157 size-full\" src=\"https:\/\/www.covetfoundation.com\/events\/wp-content\/uploads\/2019\/03\/MD_P_452.bearb_.jpg\" alt=\"Collectible Designs in Gallery Sies + H\u00f6ke gallery sies + h\u00f6ke Art Basel Hong Kong 2019: Collectible Designs in Gallery Sies + H\u00f6ke MD P 452\" width=\"2269\" height=\"2778\" srcset=\"https:\/\/www.covetfoundation.com\/events\/wp-content\/uploads\/2019\/03\/MD_P_452.bearb_.jpg 2269w, https:\/\/www.covetfoundation.com\/events\/wp-content\/uploads\/2019\/03\/MD_P_452.bearb_-245x300.jpg 245w, https:\/\/www.covetfoundation.com\/events\/wp-content\/uploads\/2019\/03\/MD_P_452.bearb_-768x940.jpg 768w, https:\/\/www.covetfoundation.com\/events\/wp-content\/uploads\/2019\/03\/MD_P_452.bearb_-836x1024.jpg 836w\" sizes=\"auto, (max-width: 2269px) 100vw, 2269px\" title=\"MD_P_452 MD_P_452\"><p id=\"caption-attachment-8157\" class=\"wp-caption-text\">Marcel Dzama, \u2018One of hundred inevitable whispers\u2019, 2018, Work on Paper, 2018<\/p>\n<\/div>\n<p>Over the years other artists joined the gallery that grouwing up with different programs allowed multiple full-scale exhibitions to be mounted simultaneous and later a non profit exhibition space with a curated program for CAPRI project.<\/p>\n<p>Lothar Hempel,\u00a0Jonathan Meese, Sophie von Hellermann also exhibited in this year edition of Art Basel Hong Kong are a few examples\u00a0 of artists who joined the Gallery\u2019s Sies+H\u00f6ke programs.<\/p>\n<div id=\"attachment_8164\" style=\"width: 2540px\" class=\"wp-caption alignnone\">\n<img loading=\"lazy\" decoding=\"async\" aria-describedby=\"caption-attachment-8164\" class=\"wp-image-8164 size-full\" src=\"https:\/\/www.covetfoundation.com\/events\/wp-content\/uploads\/2019\/03\/Jonathan-Meese_Ercolonell-Conan-s-kunst_2018_rahmen_hell.jpg\" alt=\"Art Basel Hong Kong 2019: Collectible Designs  gallery sies + h\u00f6ke Art Basel Hong Kong 2019: Collectible Designs in Gallery Sies + H\u00f6ke Jonathan Meese Ercolonell Conan s kunst 2018 rahmen hell\" width=\"2530\" height=\"3486\" srcset=\"https:\/\/www.covetfoundation.com\/events\/wp-content\/uploads\/2019\/03\/Jonathan-Meese_Ercolonell-Conan-s-kunst_2018_rahmen_hell.jpg 2530w, https:\/\/www.covetfoundation.com\/events\/wp-content\/uploads\/2019\/03\/Jonathan-Meese_Ercolonell-Conan-s-kunst_2018_rahmen_hell-218x300.jpg 218w, https:\/\/www.covetfoundation.com\/events\/wp-content\/uploads\/2019\/03\/Jonathan-Meese_Ercolonell-Conan-s-kunst_2018_rahmen_hell-768x1058.jpg 768w, https:\/\/www.covetfoundation.com\/events\/wp-content\/uploads\/2019\/03\/Jonathan-Meese_Ercolonell-Conan-s-kunst_2018_rahmen_hell-743x1024.jpg 743w\" sizes=\"auto, (max-width: 2530px) 100vw, 2530px\" title=\"Jonathan-Meese_Ercolonell-Conan-s-kunst_2018_rahmen_hell Jonathan-Meese_Ercolonell-Conan-s-kunst_2018_rahmen_hell\"><p id=\"caption-attachment-8164\" class=\"wp-caption-text\">Jonathan Meese, Ercolonell Conan\u2019s kunst!, 2018<\/p>\n<\/div>\n<div id=\"attachment_8161\" style=\"width: 1562px\" class=\"wp-caption alignnone\">\n<img loading=\"lazy\" decoding=\"async\" aria-describedby=\"caption-attachment-8161\" class=\"wp-image-8161 size-full\" src=\"https:\/\/www.covetfoundation.com\/events\/wp-content\/uploads\/2019\/03\/Lothar-Hempel_China-Town-Woman-Man-2018-watercolour-and-acrylic-on-primed-aluminum.jpg\" alt=\"Art Basel Hong Kong 2019: Collectible Designs  gallery sies + h\u00f6ke Art Basel Hong Kong 2019: Collectible Designs in Gallery Sies + H\u00f6ke Lothar Hempel China Town Woman Man 2018 watercolour and acrylic on primed aluminum\" width=\"1552\" height=\"2034\" srcset=\"https:\/\/www.covetfoundation.com\/events\/wp-content\/uploads\/2019\/03\/Lothar-Hempel_China-Town-Woman-Man-2018-watercolour-and-acrylic-on-primed-aluminum.jpg 1552w, https:\/\/www.covetfoundation.com\/events\/wp-content\/uploads\/2019\/03\/Lothar-Hempel_China-Town-Woman-Man-2018-watercolour-and-acrylic-on-primed-aluminum-229x300.jpg 229w, https:\/\/www.covetfoundation.com\/events\/wp-content\/uploads\/2019\/03\/Lothar-Hempel_China-Town-Woman-Man-2018-watercolour-and-acrylic-on-primed-aluminum-768x1007.jpg 768w, https:\/\/www.covetfoundation.com\/events\/wp-content\/uploads\/2019\/03\/Lothar-Hempel_China-Town-Woman-Man-2018-watercolour-and-acrylic-on-primed-aluminum-781x1024.jpg 781w\" sizes=\"auto, (max-width: 1552px) 100vw, 1552px\" title=\"Lothar-Hempel_China-Town-Woman-Man-2018-watercolour-and-acrylic-on-primed-aluminum Lothar-Hempel_China-Town-Woman-Man-2018-watercolour-and-acrylic-on-primed-aluminum\"><p id=\"caption-attachment-8161\" class=\"wp-caption-text\">Lothar Hempel, \u2018China Town Woman Man\u2019, 2018, watercolour and acrylic on primed aluminum, 2019<\/p>\n<\/div>\n<div id=\"attachment_8159\" style=\"width: 2372px\" class=\"wp-caption alignnone\">\n<img loading=\"lazy\" decoding=\"async\" aria-describedby=\"caption-attachment-8159\" class=\"wp-image-8159 size-full\" src=\"https:\/\/www.covetfoundation.com\/events\/wp-content\/uploads\/2019\/03\/Sophie-von-Hellermann_Soft-touch-2019.jpg\" alt=\"Art Basel Hong Kong 2019: Collectible Artworks  gallery sies + h\u00f6ke Art Basel Hong Kong 2019: Collectible Designs in Gallery Sies + H\u00f6ke Sophie von Hellermann Soft touch 2019\" width=\"2362\" height=\"2094\" srcset=\"https:\/\/www.covetfoundation.com\/events\/wp-content\/uploads\/2019\/03\/Sophie-von-Hellermann_Soft-touch-2019.jpg 2362w, https:\/\/www.covetfoundation.com\/events\/wp-content\/uploads\/2019\/03\/Sophie-von-Hellermann_Soft-touch-2019-300x266.jpg 300w, https:\/\/www.covetfoundation.com\/events\/wp-content\/uploads\/2019\/03\/Sophie-von-Hellermann_Soft-touch-2019-768x681.jpg 768w, https:\/\/www.covetfoundation.com\/events\/wp-content\/uploads\/2019\/03\/Sophie-von-Hellermann_Soft-touch-2019-1024x908.jpg 1024w\" sizes=\"auto, (max-width: 2362px) 100vw, 2362px\" title=\"Sophie-von-Hellermann_Soft-touch-2019 Sophie-von-Hellermann_Soft-touch-2019\"><p id=\"caption-attachment-8159\" class=\"wp-caption-text\">Sophie von Hellermann Soft Touch, Painting, 2019, Acrylic on canvas<\/p>\n<\/div>\n<p>The gallery Sies+H\u00f6ke has diferent forms to exhibite the plastic contemporary artworks: <b>displaying pictures and installations<\/b>. You can not miss its presence at Art Basel Hong Kong. Go inspire yourself by the creativity of its collectible artworks.<\/p>\n<div id=\"attachment_8165\" style=\"width: 2372px\" class=\"wp-caption alignnone\">\n<img loading=\"lazy\" decoding=\"async\" aria-describedby=\"caption-attachment-8165\" class=\"wp-image-8165 size-full\" src=\"https:\/\/www.covetfoundation.com\/events\/wp-content\/uploads\/2019\/03\/Lothar_Hempel-On-a-faway-beach-2019-Installation-Mixed-Media-1.jpeg\" alt=\"gallery sies + h\u00f6ke Art Basel Hong Kong 2019: Collectible Designs in Gallery Sies + H\u00f6ke Lothar Hempel On a faway beach 2019 Installation Mixed Media 1\" width=\"2362\" height=\"2362\" srcset=\"https:\/\/www.covetfoundation.com\/events\/wp-content\/uploads\/2019\/03\/Lothar_Hempel-On-a-faway-beach-2019-Installation-Mixed-Media-1.jpeg 2362w, https:\/\/www.covetfoundation.com\/events\/wp-content\/uploads\/2019\/03\/Lothar_Hempel-On-a-faway-beach-2019-Installation-Mixed-Media-1-150x150.jpeg 150w, https:\/\/www.covetfoundation.com\/events\/wp-content\/uploads\/2019\/03\/Lothar_Hempel-On-a-faway-beach-2019-Installation-Mixed-Media-1-300x300.jpeg 300w, https:\/\/www.covetfoundation.com\/events\/wp-content\/uploads\/2019\/03\/Lothar_Hempel-On-a-faway-beach-2019-Installation-Mixed-Media-1-768x768.jpeg 768w, https:\/\/www.covetfoundation.com\/events\/wp-content\/uploads\/2019\/03\/Lothar_Hempel-On-a-faway-beach-2019-Installation-Mixed-Media-1-1024x1024.jpeg 1024w\" sizes=\"auto, (max-width: 2362px) 100vw, 2362px\" title=\"Lothar_Hempel-On-a-faway-beach-2019-Installation-Mixed-Media-1 Lothar_Hempel-On-a-faway-beach-2019-Installation-Mixed-Media-1\"><p id=\"caption-attachment-8165\" class=\"wp-caption-text\">Lothar Hempel, \u2018On a faway beach\u2019, 2019, Installation, Mixed Media<\/p>\n<\/div>\n<div id=\"attachment_8195\" style=\"width: 3237px\" class=\"wp-caption alignnone\">\n<img loading=\"lazy\" decoding=\"async\" aria-describedby=\"caption-attachment-8195\" class=\"wp-image-8195 size-full\" src=\"https:\/\/www.covetfoundation.com\/events\/wp-content\/uploads\/2019\/03\/SV_M_WHAT-THE-DUCK.jpg\" alt=\"Art Basel Hong Kong 2019: Collectible Artworks gallery sies + h\u00f6ke Art Basel Hong Kong 2019: Collectible Designs in Gallery Sies + H\u00f6ke SV M WHAT THE DUCK\" width=\"3227\" height=\"2470\" srcset=\"https:\/\/www.covetfoundation.com\/events\/wp-content\/uploads\/2019\/03\/SV_M_WHAT-THE-DUCK.jpg 3227w, https:\/\/www.covetfoundation.com\/events\/wp-content\/uploads\/2019\/03\/SV_M_WHAT-THE-DUCK-300x230.jpg 300w, https:\/\/www.covetfoundation.com\/events\/wp-content\/uploads\/2019\/03\/SV_M_WHAT-THE-DUCK-768x588.jpg 768w, https:\/\/www.covetfoundation.com\/events\/wp-content\/uploads\/2019\/03\/SV_M_WHAT-THE-DUCK-1024x784.jpg 1024w, https:\/\/www.covetfoundation.com\/events\/wp-content\/uploads\/2019\/03\/SV_M_WHAT-THE-DUCK-90x70.jpg 90w\" sizes=\"auto, (max-width: 3227px) 100vw, 3227px\" title=\"SV_M_WHAT-THE-DUCK SV_M_WHAT-THE-DUCK\"><p id=\"caption-attachment-8195\" class=\"wp-caption-text\">Sophie von Hellermann, What the Duck, 2019, Painting<\/p>\n<\/div>\n<div id=\"attachment_8196\" style=\"width: 1849px\" class=\"wp-caption alignnone\">\n<img loading=\"lazy\" decoding=\"async\" aria-describedby=\"caption-attachment-8196\" class=\"wp-image-8196 size-full\" src=\"https:\/\/www.covetfoundation.com\/events\/wp-content\/uploads\/2019\/03\/Jonathan-Meese_-DEIN-UFO-KORDINIERT-DICH_2018_PAINTING_Oiland-acrylic-on-nettle.jpg\" alt=\"Art Basel Hong Kong 2019: Collectible Artworks gallery sies + h\u00f6ke Art Basel Hong Kong 2019: Collectible Designs in Gallery Sies + H\u00f6ke Jonathan Meese  DEIN UFO KORDINIERT DICH 2018 PAINTING Oiland acrylic on nettle\" width=\"1839\" height=\"2534\" srcset=\"https:\/\/www.covetfoundation.com\/events\/wp-content\/uploads\/2019\/03\/Jonathan-Meese_-DEIN-UFO-KORDINIERT-DICH_2018_PAINTING_Oiland-acrylic-on-nettle.jpg 1839w, https:\/\/www.covetfoundation.com\/events\/wp-content\/uploads\/2019\/03\/Jonathan-Meese_-DEIN-UFO-KORDINIERT-DICH_2018_PAINTING_Oiland-acrylic-on-nettle-218x300.jpg 218w, https:\/\/www.covetfoundation.com\/events\/wp-content\/uploads\/2019\/03\/Jonathan-Meese_-DEIN-UFO-KORDINIERT-DICH_2018_PAINTING_Oiland-acrylic-on-nettle-768x1058.jpg 768w, https:\/\/www.covetfoundation.com\/events\/wp-content\/uploads\/2019\/03\/Jonathan-Meese_-DEIN-UFO-KORDINIERT-DICH_2018_PAINTING_Oiland-acrylic-on-nettle-743x1024.jpg 743w\" sizes=\"auto, (max-width: 1839px) 100vw, 1839px\" title=\"Jonathan-Meese_-DEIN-UFO-KORDINIERT-DICH_2018_PAINTING_Oiland-acrylic-on-nettle Jonathan-Meese_-DEIN-UFO-KORDINIERT-DICH_2018_PAINTING_Oiland-acrylic-on-nettle\"><p id=\"caption-attachment-8196\" class=\"wp-caption-text\">Jonathan Meese, DEIN UFO KORDINIERT DICH!, 2018, Painting<\/p>\n<\/div>\n<h4 style=\"text-align: center;\"><strong>See More Related Stories<\/strong><\/h4>\n<p style=\"text-align: center;\"><a href=\"https:\/\/www.covetfoundation.com\/events\/ready-art-basel-hong-kong-2019\/\" target=\"_blank\" rel=\"noopener noreferrer\">Are You Ready for Art Basel Hong Kong 2019?<\/a><\/p>\n<p style=\"text-align: center;\"><a href=\"https:\/\/www.covetfoundation.com\/events\/ready-salone-del-mobile-milano-isaloni-2019\/\" target=\"_blank\" rel=\"noopener noreferrer\">Are You Ready for Salone del Mobile Milano \u2013 isaloni 2019?<\/a><\/p>\n","protected":false},"excerpt":{"rendered":"<p>Gallery Sies+H\u00f6ke\u00a0is one of the best contemporary art galleries to explore at this year\u2019s edition of Art Basel Hong Kong (Galleries, Level 1, 1D40). The gallery shows the work of established and emerging artists from Europe, the USA and Latin&#8230;<\/p>\n","protected":false},"author":8,"featured_media":8167,"comment_status":"open","ping_status":"open","sticky":false,"template":"","format":"standard","meta":{"footnotes":""},"categories":[5,3],"tags":[2024,1459,4096,895,752,684,2277,475,388,4097,467,149,4093,816,3816,685,4094,4095,140,3825,850,4098,3822,4101,4100,3649,4103,4092,1558,4099,2025,141,2209,1070,990,4102],"class_list":["post-8143","post","type-post","status-publish","format-standard","has-post-thumbnail","hentry","category-arts-crafts","category-events","tag-acrylic-painting","tag-art-basel","tag-art-basel-hong-kong","tag-art-exhibition","tag-art-exhibitions","tag-art-gallery","tag-art-installation","tag-artist","tag-artists","tag-artscrafts","tag-artwork","tag-artworks","tag-best-contemporary-gallery","tag-best-international-artists","tag-collectible-artworks","tag-contemporary-art","tag-contemporary-art-agallery","tag-contemporary-art-galleries","tag-covet-foundation","tag-curated-collection","tag-curated-contemporary-art","tag-curated-programs","tag-displaying-paintings","tag-emerging-artists","tag-established","tag-exhibition","tag-full-scale-exhibitions","tag-gallery-sieshoke","tag-international-artists","tag-non-profit-art-exhibitions","tag-oil-painting","tag-painting","tag-paintings","tag-plastic-artist","tag-plastic-artists","tag-works-on-paper"],"_links":{"self":[{"href":"https:\/\/www.covetfoundation.com\/events\/wp-json\/wp\/v2\/posts\/8143","targetHints":{"allow":["GET"]}}],"collection":[{"href":"https:\/\/www.covetfoundation.com\/events\/wp-json\/wp\/v2\/posts"}],"about":[{"href":"https:\/\/www.covetfoundation.com\/events\/wp-json\/wp\/v2\/types\/post"}],"author":[{"embeddable":true,"href":"https:\/\/www.covetfoundation.com\/events\/wp-json\/wp\/v2\/users\/8"}],"replies":[{"embeddable":true,"href":"https:\/\/www.covetfoundation.com\/events\/wp-json\/wp\/v2\/comments?post=8143"}],"version-history":[{"count":1,"href":"https:\/\/www.covetfoundation.com\/events\/wp-json\/wp\/v2\/posts\/8143\/revisions"}],"predecessor-version":[{"id":12746,"href":"https:\/\/www.covetfoundation.com\/events\/wp-json\/wp\/v2\/posts\/8143\/revisions\/12746"}],"wp:featuredmedia":[{"embeddable":true,"href":"https:\/\/www.covetfoundation.com\/events\/wp-json\/wp\/v2\/media\/8167"}],"wp:attachment":[{"href":"https:\/\/www.covetfoundation.com\/events\/wp-json\/wp\/v2\/media?parent=8143"}],"wp:term":[{"taxonomy":"category","embeddable":true,"href":"https:\/\/www.covetfoundation.com\/events\/wp-json\/wp\/v2\/categories?post=8143"},{"taxonomy":"post_tag","embeddable":true,"href":"https:\/\/www.covetfoundation.com\/events\/wp-json\/wp\/v2\/tags?post=8143"}],"curies":[{"name":"wp","href":"https:\/\/api.w.org\/{rel}","templated":true}]}}